{"id":1218,"date":"2016-10-07T08:38:45","date_gmt":"2016-10-07T11:38:45","guid":{"rendered":"http:\/\/www.blog2.com.ar\/?p=1218"},"modified":"2017-11-06T09:43:22","modified_gmt":"2017-11-06T12:43:22","slug":"una-tesis-un-compromiso","status":"publish","type":"post","link":"https:\/\/www.blog2.com.ar\/index.php\/2016\/10\/07\/una-tesis-un-compromiso\/","title":{"rendered":"Una tesis, un compromiso"},"content":{"rendered":"<p>El 19 de septiembre de 2016\u00a0defend\u00ed\u00a0mi tesis de doctorado. Para muchos se trata de una instancia &#8220;para&#8221;, similar a un &#8220;trabajo pr\u00e1ctico largo&#8221; que habilita a (completar lo que quieras: aumento de remuneraci\u00f3n, mejorado categor\u00eda&#8230;).<\/p>\n<p>Entre los agradecimientos escrib\u00ed:<\/p>\n<blockquote><p>Durante el desarrollo de este trabajo me he preguntado recurrentemente \u00bfqu\u00e9 es una tesis de doctorado? Y a pesar de comprender las explicaciones formales no dejo de pensar en el significado de realizar un aporte al conocimiento, perspectiva que aun se mantiene dela visi\u00f3n tradicional de una tesis. Pertenezco a la generaci\u00f3n del cambio, que pas\u00f3 de entender una tesis como la culminaci\u00f3n madura de una trayectoria de trabajo y mucha experiencia, hacia entenderla como una certificaci\u00f3n m\u00e1s que exige la industria acad\u00e9mica, tal vez como salida laboral.<\/p>\n<p>Escribir una tesis de doctorado con la motivaci\u00f3n de una certificaci\u00f3n me hubiera empujado a tomar alg\u00fan modelo replicable y realizar un estudio de caso. Sin embargo, todo lo que est\u00e1 incluido en este trabajo deriva directamente de la pasi\u00f3n traducida en preocupaciones y preguntas recurrentes, cuando no de enojos y quejas ante una realidad que juzgo como desigual, injusta, deshonesta y poco favorable al desarrollo pleno de la humanidad.<\/p><\/blockquote>\n<p>Encontr\u00e9 en el programa de Estudios Sociales Ciencia y Tecnolog\u00eda dependiente del <a href=\"http:\/\/ecyt.usal.es\" target=\"_blank\" rel=\"noopener\">Instituto de Investigaci\u00f3n de Estudios de Ciencia y Tecnolog\u00eda<\/a> de la <a href=\"http:\/\/www.usal.es\" target=\"_blank\" rel=\"noopener\">Universidad de Salamanca<\/a> un lugar apto para desarrollarla, desde ya porque es parte de su misi\u00f3n, pero especialmente porque las personas que lo integran comparten buena parte de esta preocupaci\u00f3n. Adem\u00e1s de muchos colegas, mi director de tesis <a href=\"http:\/\/maquinta.wordpress.com\" target=\"_blank\" rel=\"noopener\">Miguel Angel Quintanilla<\/a>, <a href=\"http:\/\/ecyt.usal.es\/?page_id=869\" target=\"_blank\" rel=\"noopener\">Ana Cuevas Badallo<\/a>\u00a0o <a href=\"http:\/\/ecyt.usal.es\/?page_id=885\" target=\"_blank\" rel=\"noopener\">Santiago Lopez<\/a>.<\/p>\n<p>\u201c<strong>Las Tecnolog\u00edas Entra\u00f1ables como Marco para la Evaluaci\u00f3n Tecnol\u00f3gica<\/strong>\u201d es un trabajo te\u00f3rico original de Filosof\u00eda de la Tecnolog\u00eda que integra diversas disciplinas cient\u00edfico-tecnol\u00f3gicas, perspectivas econ\u00f3micas sobre bienes comunes, aspectos pisco-sociales como los <em>affordances<\/em>, entre otros aspectos que conforman el marco te\u00f3rico. Esta diversidad de elementos gener\u00f3 durante la defensa\u00a0una serie de discusiones y propuestas de nuevos aspectos de investigaci\u00f3n muy interesantes, y el tribunal\u00a0la calific\u00f3 con\u00a0la \u201cmaxima calificaci\u00f3n que otorga la Universidad de Salamanca\u201d como \u201csobresaliente cum laude\u201d.<\/p>\n<div id=\"attachment_1221\" style=\"width: 810px\" class=\"wp-caption aligncenter\"><img aria-describedby=\"caption-attachment-1221\" loading=\"lazy\" class=\"wp-image-1221 size-full\" src=\"http:\/\/www.blog2.com.ar\/wp-content\/uploads\/2016\/10\/Tribunal.jpg\" alt=\"Tribunal defensa de tesis de doctorado de Martin Parselis\" width=\"800\" height=\"578\" srcset=\"https:\/\/www.blog2.com.ar\/wp-content\/uploads\/2016\/10\/Tribunal.jpg 800w, https:\/\/www.blog2.com.ar\/wp-content\/uploads\/2016\/10\/Tribunal-300x217.jpg 300w, https:\/\/www.blog2.com.ar\/wp-content\/uploads\/2016\/10\/Tribunal-768x555.jpg 768w\" sizes=\"(max-width: 800px) 100vw, 800px\" \/><p id=\"caption-attachment-1221\" class=\"wp-caption-text\">Ana Cuevas, Eduard Aibar, Fernando Broncano, Martin Parselis, Miguel Angel Quintanilla<\/p><\/div>\n<p>Mi\u00a0director, el <a href=\"https:\/\/es.wikipedia.org\/wiki\/Miguel_\u00c1ngel_Quintanilla\" target=\"_blank\" rel=\"noopener\">Dr. Miguel Angel Quintanilla Fisac<\/a>, es una de las personas m\u00e1s influyentes en Iberoam\u00e9rica dentro del campo de los Estudios de Ciencia, Tecnolog\u00eda y Sociedad, y cuyo camino han seguido diversos programas de investigaci\u00f3n e institutos en Argentina. El tribunal fue conformado por acad\u00e9micos renombrados estudios del campo como la <a href=\"http:\/\/ecyt.usal.es\/?page_id=869\" target=\"_blank\" rel=\"noopener\">Dra. Ana Cuevas Badallo<\/a> (Universidad de Salamanca), el <a href=\"http:\/\/www.uoc.edu\/webs\/eaibar\/EN\/curriculum\/index.html\" target=\"_blank\" rel=\"noopener\">Dr. Eduard Aibar<\/a> (Universidad Oberta de Catalunya) y el <a href=\"https:\/\/es.wikipedia.org\/wiki\/Fernando_Broncano\" target=\"_blank\" rel=\"noopener\">Dr. Fernando Broncano<\/a> (Universidad Carlos III). Parte de la repercusi\u00f3n de la defensa fue recogida por el propio director en un art\u00edculo de su autor\u00eda: &#8220;<a href=\"http:\/\/maquinta.wordpress.com\/2016\/09\/20\/una-tesis-sobre-tecnologias-entranables\/\" target=\"_blank\" rel=\"noopener\">Una tesis sobre tecnolog\u00edas entra\u00f1ables<\/a>&#8220;.<\/p>\n<div style=\"width: 810px\" class=\"wp-caption aligncenter\"><img loading=\"lazy\" class=\"\" src=\"https:\/\/upload.wikimedia.org\/wikipedia\/commons\/thumb\/e\/eb\/Old_Library_in_University_of_Salamanca_01.jpg\/800px-Old_Library_in_University_of_Salamanca_01.jpg\" width=\"800\" height=\"530\" \/><p class=\"wp-caption-text\">Antigua Biblioteca<\/p><\/div>\n<p>En el contexto de\u00a0la sala Francisco de Vitoria del <a href=\"http:\/\/campus.usal.es\/~museousal\/index.php?option=com_content&amp;view=article&amp;id=29&amp;Itemid=46&amp;lang=es\" target=\"_blank\" rel=\"noopener\">Edificio Hist\u00f3rico de la Universidad<\/a>, que en 2018 cumplir\u00e1 800 a\u00f1os, tambi\u00e9n hice un esbozo sobre el compromiso que implica esta tesis. Mientras la portada de la presentaci\u00f3n ten\u00eda la obra &#8220;selfie&#8221; de Verute Parselis, el resto de los conceptos se asociaron con distintos\u00a0mensajes de <a href=\"https:\/\/en.wikipedia.org\/wiki\/Banksy\" target=\"_blank\" rel=\"noopener\">Banksy<\/a> para dar cuerpo y contenido claro. Si Banksy pudo ser parte de mi defensa, vamos bien&#8230;<\/p>\n<p>Se trata de\u00a0<strong>avanzar en\u00a0el dise\u00f1o de pol\u00edticas p\u00fablicas para\u00a0mejorar las instancias de evaluaci\u00f3n social de los desarrollos tecnol\u00f3gicos<\/strong>, como un programa pr\u00e1ctico y concreto; aunque basado en el objetivo de revincularnos y <strong>exigir honestidad tecnol\u00f3gica<\/strong>.<\/p>\n<p>&nbsp;<\/p>\n","protected":false},"excerpt":{"rendered":"<p>El 19 de septiembre de 2016&nbsp;defend&iacute;&nbsp;mi tesis de doctorado. Para muchos se trata de una instancia &ldquo;para&rdquo;, similar a un &ldquo;trabajo pr&aacute;ctico largo&rdquo; que habilita a (completar lo que quieras: aumento de remuneraci&oacute;n, mejorado categor&iacute;a&hellip;). Entre los agradecimientos escrib&iacute;: Durante el desarrollo de este trabajo me he preguntado recurrentemente &iquest;qu&eacute; es una tesis de doctorado?&hellip;<\/p>\n<p><a class=\"more-link\" href=\"https:\/\/www.blog2.com.ar\/index.php\/2016\/10\/07\/una-tesis-un-compromiso\/\" title=\"Continue reading &lsquo;Una tesis, un compromiso&rsquo;\">Continue reading <span class=\"meta-nav\">&rarr;<\/span><\/a><\/p>\n","protected":false},"author":2,"featured_media":1375,"comment_status":"closed","ping_status":"open","sticky":false,"template":"","format":"standard","meta":[],"categories":[3,634,1,39,1173,821,645],"tags":[1308,1309,385,1310,1178,1307],"aioseo_notices":[],"_links":{"self":[{"href":"https:\/\/www.blog2.com.ar\/index.php\/wp-json\/wp\/v2\/posts\/1218"}],"collection":[{"href":"https:\/\/www.blog2.com.ar\/index.php\/wp-json\/wp\/v2\/posts"}],"about":[{"href":"https:\/\/www.blog2.com.ar\/index.php\/wp-json\/wp\/v2\/types\/post"}],"author":[{"embeddable":true,"href":"https:\/\/www.blog2.com.ar\/index.php\/wp-json\/wp\/v2\/users\/2"}],"replies":[{"embeddable":true,"href":"https:\/\/www.blog2.com.ar\/index.php\/wp-json\/wp\/v2\/comments?post=1218"}],"version-history":[{"count":4,"href":"https:\/\/www.blog2.com.ar\/index.php\/wp-json\/wp\/v2\/posts\/1218\/revisions"}],"predecessor-version":[{"id":1376,"href":"https:\/\/www.blog2.com.ar\/index.php\/wp-json\/wp\/v2\/posts\/1218\/revisions\/1376"}],"wp:featuredmedia":[{"embeddable":true,"href":"https:\/\/www.blog2.com.ar\/index.php\/wp-json\/wp\/v2\/media\/1375"}],"wp:attachment":[{"href":"https:\/\/www.blog2.com.ar\/index.php\/wp-json\/wp\/v2\/media?parent=1218"}],"wp:term":[{"taxonomy":"category","embeddable":true,"href":"https:\/\/www.blog2.com.ar\/index.php\/wp-json\/wp\/v2\/categories?post=1218"},{"taxonomy":"post_tag","embeddable":true,"href":"https:\/\/www.blog2.com.ar\/index.php\/wp-json\/wp\/v2\/tags?post=1218"}],"curies":[{"name":"wp","href":"https:\/\/api.w.org\/{rel}","templated":true}]}}